{"id":4801,"date":"2016-05-03T14:30:26","date_gmt":"2016-05-03T12:30:26","guid":{"rendered":"http:\/\/www.keramik-sammler.de\/?p=4801"},"modified":"2017-06-24T21:37:17","modified_gmt":"2017-06-24T19:37:17","slug":"ika-schilbock","status":"publish","type":"post","link":"https:\/\/keramik-sammler.de\/?p=4801","title":{"rendered":"IKA SCHILBOCK"},"content":{"rendered":"<ul>\n<li>Ika Schilbock geb. am 4. Juli 1926 in Wuppertal<\/li>\n<li>1948 &#8211; 1951 T\u00f6pferlehre bei Eva Kumpmann in G\u00f6ttingen<\/li>\n<li>1951 &#8211; 1954 Gesellin bei Monika Maetzel in Hamburg<\/li>\n<li>1954 Meisterpr\u00fcfung in Hamburg<\/li>\n<li>1955 &#8211; 1957 Wanderjahre in Australien<\/li>\n<li>1958 &#8211; 1965 Keramiklehrerin an der Hermann-Lietz-Schule auf Schlo\u00df Bieberstein bei Fulda<\/li>\n<li>1966 &#8211; 1970 Eigene Werkstatt und Atelier in Waldkirch,<\/li>\n<li>1970 &#8211; 2016\u00a0\u00a0\u00a0 in Freiburg Ausbildungsbetrieb von 1969 bis 1995<br \/>\n<hr \/>\n<p><strong>Einzelausstellungen (Auswahl)<\/strong><\/li>\n<li>1974 Galerie Workshop, Berlin (mit Harald Buss)<\/li>\n<li>1978 Galerie Kreth d`Orey, Heidelberg (mit Artur Stoll)<\/li>\n<li>1979 Galerie Palme, L\u00f6rrach<\/li>\n<li>1980 Oberl\u00e4nder, Stuttgart (mit Maria Philippi)<\/li>\n<li>1981 Stadt Quakenbr\u00fcck<\/li>\n<li>1982 \u201eDas kleine Kunsthaus\u201c, Fulda<\/li>\n<li>1999 Keramikmuseum Staufen<\/li>\n<li>2002 Galerie in Roten Haus, Lenzkirch (mit Barbara K\u00f6hler)<br \/>\n<hr \/>\n<p><strong>Ausstellungsbeteiligungen (Auswahl)<\/strong><\/li>\n<li>Concorso Internazionale della Ceramica d`Arte 1965 u. 1969, Faenza<\/li>\n<li>Deutsche Keramik \u2013 Westerwaldpreis 1975, 1977 und 1982, H\u00f6hr-Grenzhausen<\/li>\n<li>Zeitgen\u00f6ssische Keramik 1983, Offenburg<\/li>\n<li>Bergische Kunstausstellungen 1989 und 1991, Solingen<\/li>\n<li>GEDOK 1991, Stuttgart<\/li>\n<li>GEDOK 1997, 1998 und 2002, Freiburg<br \/>\n<hr \/>\n<p><strong>Arbeiten in \u00f6ffentlichen Sammlungen<\/strong><\/li>\n<li>W\u00fcrttembergisches Landesmuseum, Stuttgart<\/li>\n<li>Augustinermuseum, Freiburg<\/li>\n<li>Regierungspr\u00e4sidium, Freiburg<\/li>\n<li>Landkreis Breisgau-Hochschwarzwald<\/li>\n<\/ul>\n<p>Quelle: Fr.Dr. M. Sch\u00fcly via Email, vielen Dank!<\/p>\n<hr \/>\n<p>Ika Schilbock &#8211; Porzellan u. Steinzeug<br \/>\nInsel 6<br \/>\n79098 Freiburg<br \/>\nTel. 0761-25371<br \/>\nEmail: ikaschilbock@gmx.de<\/p>\n<hr \/>\n\n\t\t<style type=\"text\/css\">\n\t\t\t#gallery-1 {\n\t\t\t\tmargin: auto;\n\t\t\t}\n\t\t\t#gallery-1 .gallery-item {\n\t\t\t\tfloat: left;\n\t\t\t\tmargin-top: 10px;\n\t\t\t\ttext-align: center;\n\t\t\t\twidth: 50%;\n\t\t\t}\n\t\t\t#gallery-1 img {\n\t\t\t\tborder: 2px solid #cfcfcf;\n\t\t\t}\n\t\t\t#gallery-1 .gallery-caption {\n\t\t\t\tmargin-left: 0;\n\t\t\t}\n\t\t\t\/* see gallery_shortcode() in wp-includes\/media.php *\/\n\t\t<\/style>\n\t\t<div id='gallery-1' class='gallery galleryid-4801 gallery-columns-2 gallery-size-thumbnail'><dl class='gallery-item'>\n\t\t\t<dt class='gallery-icon landscape'>\n\t\t\t\t<a href='https:\/\/keramik-sammler.de\/?attachment_id=4802'><img loading=\"lazy\" decoding=\"async\" width=\"200\" height=\"200\" src=\"https:\/\/keramik-sammler.de\/wp-content\/uploads\/2016\/05\/IMG_1308-200x200.jpg\" class=\"attachment-thumbnail size-thumbnail\" alt=\"Ika Schilbock\" srcset=\"https:\/\/keramik-sammler.de\/wp-content\/uploads\/2016\/05\/IMG_1308-200x200.jpg 200w, https:\/\/keramik-sammler.de\/wp-content\/uploads\/2016\/05\/IMG_1308-300x300.jpg 300w, https:\/\/keramik-sammler.de\/wp-content\/uploads\/2016\/05\/IMG_1308-88x88.jpg 88w, https:\/\/keramik-sammler.de\/wp-content\/uploads\/2016\/05\/IMG_1308-973x973.jpg 973w, https:\/\/keramik-sammler.de\/wp-content\/uploads\/2016\/05\/IMG_1308-508x508.jpg 508w, https:\/\/keramik-sammler.de\/wp-content\/uploads\/2016\/05\/IMG_1308.jpg 1000w\" sizes=\"auto, (max-width: 200px) 100vw, 200px\" \/><\/a>\n\t\t\t<\/dt><\/dl><dl class='gallery-item'>\n\t\t\t<dt class='gallery-icon landscape'>\n\t\t\t\t<a href='https:\/\/keramik-sammler.de\/?attachment_id=4803'><img loading=\"lazy\" decoding=\"async\" width=\"200\" height=\"200\" src=\"https:\/\/keramik-sammler.de\/wp-content\/uploads\/2016\/05\/IMG_1310-200x200.jpg\" class=\"attachment-thumbnail size-thumbnail\" alt=\"Ika Schilbock\" srcset=\"https:\/\/keramik-sammler.de\/wp-content\/uploads\/2016\/05\/IMG_1310-200x200.jpg 200w, https:\/\/keramik-sammler.de\/wp-content\/uploads\/2016\/05\/IMG_1310-300x300.jpg 300w, https:\/\/keramik-sammler.de\/wp-content\/uploads\/2016\/05\/IMG_1310-88x88.jpg 88w, https:\/\/keramik-sammler.de\/wp-content\/uploads\/2016\/05\/IMG_1310-973x973.jpg 973w, https:\/\/keramik-sammler.de\/wp-content\/uploads\/2016\/05\/IMG_1310-508x508.jpg 508w, https:\/\/keramik-sammler.de\/wp-content\/uploads\/2016\/05\/IMG_1310.jpg 1000w\" sizes=\"auto, (max-width: 200px) 100vw, 200px\" \/><\/a>\n\t\t\t<\/dt><\/dl><br style=\"clear: both\" \/><dl class='gallery-item'>\n\t\t\t<dt class='gallery-icon landscape'>\n\t\t\t\t<a href='https:\/\/keramik-sammler.de\/?attachment_id=4804'><img loading=\"lazy\" decoding=\"async\" width=\"200\" height=\"200\" src=\"https:\/\/keramik-sammler.de\/wp-content\/uploads\/2016\/05\/IMG_1311-200x200.jpg\" class=\"attachment-thumbnail size-thumbnail\" alt=\"Ika Schilbock\" srcset=\"https:\/\/keramik-sammler.de\/wp-content\/uploads\/2016\/05\/IMG_1311-200x200.jpg 200w, https:\/\/keramik-sammler.de\/wp-content\/uploads\/2016\/05\/IMG_1311-300x300.jpg 300w, https:\/\/keramik-sammler.de\/wp-content\/uploads\/2016\/05\/IMG_1311-88x88.jpg 88w, https:\/\/keramik-sammler.de\/wp-content\/uploads\/2016\/05\/IMG_1311-973x973.jpg 973w, https:\/\/keramik-sammler.de\/wp-content\/uploads\/2016\/05\/IMG_1311-508x508.jpg 508w, https:\/\/keramik-sammler.de\/wp-content\/uploads\/2016\/05\/IMG_1311.jpg 1000w\" sizes=\"auto, (max-width: 200px) 100vw, 200px\" \/><\/a>\n\t\t\t<\/dt><\/dl>\n\t\t\t<br style='clear: both' \/>\n\t\t<\/div>\n\n<hr \/>\n<p>Weitere Details zur K\u00fcnstlerin finden Sie hier im Internet:<\/p>\n<p><a href=\"http:\/\/www.landesmuseum.de\/website\/Deutsch\/Museum\/Zweigmuseen\/Keramikmuseum_Staufen\/Ausstellungstipps.des.Foerderkreises.Staufen.-.Ika.Schilbock.u..a..htm\">Badisches Landesmuseum<\/a><\/p>\n<p class=\"bottom5\"><a href=\"http:\/\/www.badische-zeitung.de\/freiburg\/die-sympathischste-form-von-handel--32484351.html\">Badische Zeitung &#8211; Artikel vom 22. Juni 2010<\/a><\/p>\n<p><a href=\"http:\/\/www.badische-zeitung.de\/freiburg\/seit-65-jahren-den-richtigen-dreh--75311634.html\">Badische Zeitung &#8211; Artikel vom 18. September 2013<\/a><\/p>\n<p>&nbsp;<\/p>\n","protected":false},"excerpt":{"rendered":"<p>Ika Schilbock geb. am 4. Juli 1926 in Wuppertal 1948 &#8211; 1951 T\u00f6pferlehre bei Eva Kumpmann in G\u00f6ttingen 1951 &#8211; 1954 Gesellin bei Monika Maetzel in Hamburg 1954&#8230;<\/p>\n","protected":false},"author":2,"featured_media":4802,"comment_status":"open","ping_status":"closed","sticky":false,"template":"","format":"standard","meta":{"ngg_post_thumbnail":0,"jetpack_post_was_ever_published":false,"_jetpack_newsletter_access":"","_jetpack_dont_email_post_to_subs":true,"_jetpack_newsletter_tier_id":0,"_jetpack_memberships_contains_paywalled_content":false,"_jetpack_memberships_contains_paid_content":false,"footnotes":"","jetpack_publicize_message":"","jetpack_publicize_feature_enabled":true,"jetpack_social_post_already_shared":true,"jetpack_social_options":{"image_generator_settings":{"template":"highway","default_image_id":0,"font":"","enabled":false},"version":2}},"categories":[1,12],"tags":[231,444,540,678,660,22,486,4],"class_list":["post-4801","post","type-post","status-publish","format-standard","has-post-thumbnail","hentry","category-allgemein","category-dk","tag-art-pottery","tag-ceramics","tag-ceramique","tag-german-studio-pottery","tag-ika-schilbock","tag-keramik","tag-kuenstlerkeramik","tag-studiokeramik"],"yoast_head":"<!-- This site is optimized with the Yoast SEO plugin v27.5 - https:\/\/yoast.com\/product\/yoast-seo-wordpress\/ -->\n<title>IKA SCHILBOCK - KERAMIK-SAMMLER.DE<\/title>\n<meta name=\"robots\" content=\"index, follow, max-snippet:-1, max-image-preview:large, max-video-preview:-1\" \/>\n<link rel=\"canonical\" href=\"https:\/\/keramik-sammler.de\/?p=4801\" \/>\n<meta property=\"og:locale\" content=\"de_DE\" \/>\n<meta property=\"og:type\" content=\"article\" \/>\n<meta property=\"og:title\" content=\"IKA SCHILBOCK - KERAMIK-SAMMLER.DE\" \/>\n<meta property=\"og:description\" content=\"Ika Schilbock geb. am 4. Juli 1926 in Wuppertal 1948 &#8211; 1951 T\u00f6pferlehre bei Eva Kumpmann in G\u00f6ttingen 1951 &#8211; 1954 Gesellin bei Monika Maetzel in Hamburg 1954...\" \/>\n<meta property=\"og:url\" content=\"https:\/\/keramik-sammler.de\/?p=4801\" \/>\n<meta property=\"og:site_name\" content=\"KERAMIK-SAMMLER.DE\" \/>\n<meta property=\"article:published_time\" content=\"2016-05-03T12:30:26+00:00\" \/>\n<meta property=\"article:modified_time\" content=\"2017-06-24T19:37:17+00:00\" \/>\n<meta property=\"og:image\" content=\"https:\/\/keramik-sammler.de\/wp-content\/uploads\/2016\/05\/IMG_1308.jpg\" \/>\n\t<meta property=\"og:image:width\" content=\"1000\" \/>\n\t<meta property=\"og:image:height\" content=\"1000\" \/>\n\t<meta property=\"og:image:type\" content=\"image\/jpeg\" \/>\n<meta name=\"author\" content=\"Kevin B\u00fclow\" \/>\n<meta name=\"twitter:card\" content=\"summary_large_image\" \/>\n<meta name=\"twitter:label1\" content=\"Verfasst von\" \/>\n\t<meta name=\"twitter:data1\" content=\"Kevin B\u00fclow\" \/>\n\t<meta name=\"twitter:label2\" content=\"Gesch\u00e4tzte Lesezeit\" \/>\n\t<meta name=\"twitter:data2\" content=\"1\u00a0Minute\" \/>\n<script type=\"application\/ld+json\" class=\"yoast-schema-graph\">{\"@context\":\"https:\\\/\\\/schema.org\",\"@graph\":[{\"@type\":\"Article\",\"@id\":\"https:\\\/\\\/keramik-sammler.de\\\/?p=4801#article\",\"isPartOf\":{\"@id\":\"https:\\\/\\\/keramik-sammler.de\\\/?p=4801\"},\"author\":{\"name\":\"Kevin B\u00fclow\",\"@id\":\"http:\\\/\\\/keramik-sammler.de\\\/#\\\/schema\\\/person\\\/eef6090e4285e9bcbb672113504f7259\"},\"headline\":\"IKA SCHILBOCK\",\"datePublished\":\"2016-05-03T12:30:26+00:00\",\"dateModified\":\"2017-06-24T19:37:17+00:00\",\"mainEntityOfPage\":{\"@id\":\"https:\\\/\\\/keramik-sammler.de\\\/?p=4801\"},\"wordCount\":196,\"commentCount\":0,\"publisher\":{\"@id\":\"http:\\\/\\\/keramik-sammler.de\\\/#\\\/schema\\\/person\\\/eef6090e4285e9bcbb672113504f7259\"},\"image\":{\"@id\":\"https:\\\/\\\/keramik-sammler.de\\\/?p=4801#primaryimage\"},\"thumbnailUrl\":\"https:\\\/\\\/keramik-sammler.de\\\/wp-content\\\/uploads\\\/2016\\\/05\\\/IMG_1308.jpg\",\"keywords\":[\"art pottery\",\"ceramics\",\"ceramique\",\"german studio pottery\",\"ika schilbock\",\"keramik\",\"k\u00fcnstlerkeramik\",\"studiokeramik\"],\"articleSection\":[\"ALLGEMEIN\",\"DEUTSCHE KERAMIK\"],\"inLanguage\":\"de\",\"potentialAction\":[{\"@type\":\"CommentAction\",\"name\":\"Comment\",\"target\":[\"https:\\\/\\\/keramik-sammler.de\\\/?p=4801#respond\"]}]},{\"@type\":\"WebPage\",\"@id\":\"https:\\\/\\\/keramik-sammler.de\\\/?p=4801\",\"url\":\"https:\\\/\\\/keramik-sammler.de\\\/?p=4801\",\"name\":\"IKA SCHILBOCK - KERAMIK-SAMMLER.DE\",\"isPartOf\":{\"@id\":\"http:\\\/\\\/keramik-sammler.de\\\/#website\"},\"primaryImageOfPage\":{\"@id\":\"https:\\\/\\\/keramik-sammler.de\\\/?p=4801#primaryimage\"},\"image\":{\"@id\":\"https:\\\/\\\/keramik-sammler.de\\\/?p=4801#primaryimage\"},\"thumbnailUrl\":\"https:\\\/\\\/keramik-sammler.de\\\/wp-content\\\/uploads\\\/2016\\\/05\\\/IMG_1308.jpg\",\"datePublished\":\"2016-05-03T12:30:26+00:00\",\"dateModified\":\"2017-06-24T19:37:17+00:00\",\"breadcrumb\":{\"@id\":\"https:\\\/\\\/keramik-sammler.de\\\/?p=4801#breadcrumb\"},\"inLanguage\":\"de\",\"potentialAction\":[{\"@type\":\"ReadAction\",\"target\":[\"https:\\\/\\\/keramik-sammler.de\\\/?p=4801\"]}]},{\"@type\":\"ImageObject\",\"inLanguage\":\"de\",\"@id\":\"https:\\\/\\\/keramik-sammler.de\\\/?p=4801#primaryimage\",\"url\":\"https:\\\/\\\/keramik-sammler.de\\\/wp-content\\\/uploads\\\/2016\\\/05\\\/IMG_1308.jpg\",\"contentUrl\":\"https:\\\/\\\/keramik-sammler.de\\\/wp-content\\\/uploads\\\/2016\\\/05\\\/IMG_1308.jpg\",\"width\":1000,\"height\":1000,\"caption\":\"Ika Schilbock\"},{\"@type\":\"BreadcrumbList\",\"@id\":\"https:\\\/\\\/keramik-sammler.de\\\/?p=4801#breadcrumb\",\"itemListElement\":[{\"@type\":\"ListItem\",\"position\":1,\"name\":\"Startseite\",\"item\":\"http:\\\/\\\/keramik-sammler.de\\\/\"},{\"@type\":\"ListItem\",\"position\":2,\"name\":\"IKA SCHILBOCK\"}]},{\"@type\":\"WebSite\",\"@id\":\"http:\\\/\\\/keramik-sammler.de\\\/#website\",\"url\":\"http:\\\/\\\/keramik-sammler.de\\\/\",\"name\":\"KERAMIK-SAMMLER.DE\",\"description\":\"informationsportal f\u00fcr  k\u00fcnstlerkeramik - studiokeramik - studio pottery\",\"publisher\":{\"@id\":\"http:\\\/\\\/keramik-sammler.de\\\/#\\\/schema\\\/person\\\/eef6090e4285e9bcbb672113504f7259\"},\"potentialAction\":[{\"@type\":\"SearchAction\",\"target\":{\"@type\":\"EntryPoint\",\"urlTemplate\":\"http:\\\/\\\/keramik-sammler.de\\\/?s={search_term_string}\"},\"query-input\":{\"@type\":\"PropertyValueSpecification\",\"valueRequired\":true,\"valueName\":\"search_term_string\"}}],\"inLanguage\":\"de\"},{\"@type\":[\"Person\",\"Organization\"],\"@id\":\"http:\\\/\\\/keramik-sammler.de\\\/#\\\/schema\\\/person\\\/eef6090e4285e9bcbb672113504f7259\",\"name\":\"Kevin B\u00fclow\",\"image\":{\"@type\":\"ImageObject\",\"inLanguage\":\"de\",\"@id\":\"http:\\\/\\\/keramik-sammler.de\\\/wp-content\\\/uploads\\\/2019\\\/04\\\/logo2019_-neu-crob.jpg\",\"url\":\"http:\\\/\\\/keramik-sammler.de\\\/wp-content\\\/uploads\\\/2019\\\/04\\\/logo2019_-neu-crob.jpg\",\"contentUrl\":\"http:\\\/\\\/keramik-sammler.de\\\/wp-content\\\/uploads\\\/2019\\\/04\\\/logo2019_-neu-crob.jpg\",\"width\":2784,\"height\":1074,\"caption\":\"Kevin B\u00fclow\"},\"logo\":{\"@id\":\"http:\\\/\\\/keramik-sammler.de\\\/wp-content\\\/uploads\\\/2019\\\/04\\\/logo2019_-neu-crob.jpg\"},\"sameAs\":[\"https:\\\/\\\/www.keramik-sammler.de\"],\"url\":\"https:\\\/\\\/keramik-sammler.de\\\/?author=2\"}]}<\/script>\n<!-- \/ Yoast SEO plugin. -->","yoast_head_json":{"title":"IKA SCHILBOCK - KERAMIK-SAMMLER.DE","robots":{"index":"index","follow":"follow","max-snippet":"max-snippet:-1","max-image-preview":"max-image-preview:large","max-video-preview":"max-video-preview:-1"},"canonical":"https:\/\/keramik-sammler.de\/?p=4801","og_locale":"de_DE","og_type":"article","og_title":"IKA SCHILBOCK - KERAMIK-SAMMLER.DE","og_description":"Ika Schilbock geb. am 4. Juli 1926 in Wuppertal 1948 &#8211; 1951 T\u00f6pferlehre bei Eva Kumpmann in G\u00f6ttingen 1951 &#8211; 1954 Gesellin bei Monika Maetzel in Hamburg 1954...","og_url":"https:\/\/keramik-sammler.de\/?p=4801","og_site_name":"KERAMIK-SAMMLER.DE","article_published_time":"2016-05-03T12:30:26+00:00","article_modified_time":"2017-06-24T19:37:17+00:00","og_image":[{"width":1000,"height":1000,"url":"https:\/\/keramik-sammler.de\/wp-content\/uploads\/2016\/05\/IMG_1308.jpg","type":"image\/jpeg"}],"author":"Kevin B\u00fclow","twitter_card":"summary_large_image","twitter_misc":{"Verfasst von":"Kevin B\u00fclow","Gesch\u00e4tzte Lesezeit":"1\u00a0Minute"},"schema":{"@context":"https:\/\/schema.org","@graph":[{"@type":"Article","@id":"https:\/\/keramik-sammler.de\/?p=4801#article","isPartOf":{"@id":"https:\/\/keramik-sammler.de\/?p=4801"},"author":{"name":"Kevin B\u00fclow","@id":"http:\/\/keramik-sammler.de\/#\/schema\/person\/eef6090e4285e9bcbb672113504f7259"},"headline":"IKA SCHILBOCK","datePublished":"2016-05-03T12:30:26+00:00","dateModified":"2017-06-24T19:37:17+00:00","mainEntityOfPage":{"@id":"https:\/\/keramik-sammler.de\/?p=4801"},"wordCount":196,"commentCount":0,"publisher":{"@id":"http:\/\/keramik-sammler.de\/#\/schema\/person\/eef6090e4285e9bcbb672113504f7259"},"image":{"@id":"https:\/\/keramik-sammler.de\/?p=4801#primaryimage"},"thumbnailUrl":"https:\/\/keramik-sammler.de\/wp-content\/uploads\/2016\/05\/IMG_1308.jpg","keywords":["art pottery","ceramics","ceramique","german studio pottery","ika schilbock","keramik","k\u00fcnstlerkeramik","studiokeramik"],"articleSection":["ALLGEMEIN","DEUTSCHE KERAMIK"],"inLanguage":"de","potentialAction":[{"@type":"CommentAction","name":"Comment","target":["https:\/\/keramik-sammler.de\/?p=4801#respond"]}]},{"@type":"WebPage","@id":"https:\/\/keramik-sammler.de\/?p=4801","url":"https:\/\/keramik-sammler.de\/?p=4801","name":"IKA SCHILBOCK - KERAMIK-SAMMLER.DE","isPartOf":{"@id":"http:\/\/keramik-sammler.de\/#website"},"primaryImageOfPage":{"@id":"https:\/\/keramik-sammler.de\/?p=4801#primaryimage"},"image":{"@id":"https:\/\/keramik-sammler.de\/?p=4801#primaryimage"},"thumbnailUrl":"https:\/\/keramik-sammler.de\/wp-content\/uploads\/2016\/05\/IMG_1308.jpg","datePublished":"2016-05-03T12:30:26+00:00","dateModified":"2017-06-24T19:37:17+00:00","breadcrumb":{"@id":"https:\/\/keramik-sammler.de\/?p=4801#breadcrumb"},"inLanguage":"de","potentialAction":[{"@type":"ReadAction","target":["https:\/\/keramik-sammler.de\/?p=4801"]}]},{"@type":"ImageObject","inLanguage":"de","@id":"https:\/\/keramik-sammler.de\/?p=4801#primaryimage","url":"https:\/\/keramik-sammler.de\/wp-content\/uploads\/2016\/05\/IMG_1308.jpg","contentUrl":"https:\/\/keramik-sammler.de\/wp-content\/uploads\/2016\/05\/IMG_1308.jpg","width":1000,"height":1000,"caption":"Ika Schilbock"},{"@type":"BreadcrumbList","@id":"https:\/\/keramik-sammler.de\/?p=4801#breadcrumb","itemListElement":[{"@type":"ListItem","position":1,"name":"Startseite","item":"http:\/\/keramik-sammler.de\/"},{"@type":"ListItem","position":2,"name":"IKA SCHILBOCK"}]},{"@type":"WebSite","@id":"http:\/\/keramik-sammler.de\/#website","url":"http:\/\/keramik-sammler.de\/","name":"KERAMIK-SAMMLER.DE","description":"informationsportal f\u00fcr  k\u00fcnstlerkeramik - studiokeramik - studio pottery","publisher":{"@id":"http:\/\/keramik-sammler.de\/#\/schema\/person\/eef6090e4285e9bcbb672113504f7259"},"potentialAction":[{"@type":"SearchAction","target":{"@type":"EntryPoint","urlTemplate":"http:\/\/keramik-sammler.de\/?s={search_term_string}"},"query-input":{"@type":"PropertyValueSpecification","valueRequired":true,"valueName":"search_term_string"}}],"inLanguage":"de"},{"@type":["Person","Organization"],"@id":"http:\/\/keramik-sammler.de\/#\/schema\/person\/eef6090e4285e9bcbb672113504f7259","name":"Kevin B\u00fclow","image":{"@type":"ImageObject","inLanguage":"de","@id":"http:\/\/keramik-sammler.de\/wp-content\/uploads\/2019\/04\/logo2019_-neu-crob.jpg","url":"http:\/\/keramik-sammler.de\/wp-content\/uploads\/2019\/04\/logo2019_-neu-crob.jpg","contentUrl":"http:\/\/keramik-sammler.de\/wp-content\/uploads\/2019\/04\/logo2019_-neu-crob.jpg","width":2784,"height":1074,"caption":"Kevin B\u00fclow"},"logo":{"@id":"http:\/\/keramik-sammler.de\/wp-content\/uploads\/2019\/04\/logo2019_-neu-crob.jpg"},"sameAs":["https:\/\/www.keramik-sammler.de"],"url":"https:\/\/keramik-sammler.de\/?author=2"}]}},"jetpack_publicize_connections":[],"jetpack_featured_media_url":"https:\/\/keramik-sammler.de\/wp-content\/uploads\/2016\/05\/IMG_1308.jpg","jetpack_sharing_enabled":true,"jetpack_shortlink":"https:\/\/wp.me\/p6UNPE-1fr","_links":{"self":[{"href":"https:\/\/keramik-sammler.de\/index.php?rest_route=\/wp\/v2\/posts\/4801","targetHints":{"allow":["GET"]}}],"collection":[{"href":"https:\/\/keramik-sammler.de\/index.php?rest_route=\/wp\/v2\/posts"}],"about":[{"href":"https:\/\/keramik-sammler.de\/index.php?rest_route=\/wp\/v2\/types\/post"}],"author":[{"embeddable":true,"href":"https:\/\/keramik-sammler.de\/index.php?rest_route=\/wp\/v2\/users\/2"}],"replies":[{"embeddable":true,"href":"https:\/\/keramik-sammler.de\/index.php?rest_route=%2Fwp%2Fv2%2Fcomments&post=4801"}],"version-history":[{"count":3,"href":"https:\/\/keramik-sammler.de\/index.php?rest_route=\/wp\/v2\/posts\/4801\/revisions"}],"predecessor-version":[{"id":5175,"href":"https:\/\/keramik-sammler.de\/index.php?rest_route=\/wp\/v2\/posts\/4801\/revisions\/5175"}],"wp:featuredmedia":[{"embeddable":true,"href":"https:\/\/keramik-sammler.de\/index.php?rest_route=\/wp\/v2\/media\/4802"}],"wp:attachment":[{"href":"https:\/\/keramik-sammler.de\/index.php?rest_route=%2Fwp%2Fv2%2Fmedia&parent=4801"}],"wp:term":[{"taxonomy":"category","embeddable":true,"href":"https:\/\/keramik-sammler.de\/index.php?rest_route=%2Fwp%2Fv2%2Fcategories&post=4801"},{"taxonomy":"post_tag","embeddable":true,"href":"https:\/\/keramik-sammler.de\/index.php?rest_route=%2Fwp%2Fv2%2Ftags&post=4801"}],"curies":[{"name":"wp","href":"https:\/\/api.w.org\/{rel}","templated":true}]}}