{"id":5587,"date":"2017-06-25T21:43:07","date_gmt":"2017-06-25T19:43:07","guid":{"rendered":"https:\/\/www.keramik-sammler.de\/?p=5587"},"modified":"2025-11-13T13:58:15","modified_gmt":"2025-11-13T12:58:15","slug":"cathy-fleckstein","status":"publish","type":"post","link":"https:\/\/keramik-sammler.de\/?p=5587","title":{"rendered":"CATHY FLECKSTEIN"},"content":{"rendered":"<ul>\n<li>1955 geboren in Molsheim, Frankreich<\/li>\n<li>1973 \u2013 1975 Studium der Germanistik und Romanistik in Stra\u00dfburg und in Kiel<\/li>\n<li>1975 \u2013 1980 Studium der Keramik bei Prof. Johannes Gebhardt an der Fachhochschule Kiel (heute Muthesius Kunsthochschule), Abteilung Gestaltung, Fachrichtung Freie Kunst<\/li>\n<li>seit 1977 zahlreiche Ausstellungen und Ausstellungsbeteiligungen im In- und Ausland<\/li>\n<li>1979 &#8222;Deutsche Keramik 79&#8220; \u2013 Westerwaldpreis: F\u00f6rderpreis<\/li>\n<li>1980\u00a0Examen, Diplom Dipl.-Art.<\/li>\n<li>1981 Lehrauftrag an der Akademie der Bildenden K\u00fcnste, Stuttgart<\/li>\n<li>1982 Vallauris 8. Internationale Biennale f\u00fcr Kunstkeramik, Preis der modernen Keramik<\/li>\n<li>1982 \u2013 1989 Lehrauftrag an der Fachhochschule Kiel, Abteilung Gestaltung, Fachrichtung Freie Kunst<\/li>\n<li>1985\u00a0Keramikpreis der Frechener Kulturstiftung<\/li>\n<li>1986 Mitglied im &#8222;AIC&#8220; Genf<\/li>\n<li>1986 Mitglied der &#8222;Gruppe 83&#8220;<\/li>\n<li>1986 \u2013 1993\u00a0 Auftr\u00e4ge f\u00fcr Kunst im \u00f6ffentlichen Raum: \u00a01986 Stadthalle Neum\u00fcnster, 1992\/93 Arbeitsamt Heide, 1993 Grundschule Kiel-Mettenhof<\/li>\n<li>1987 Mitglied im Bundesverband Bildender K\u00fcnstler e.V.<\/li>\n<li>1987 Betreuung des Keramik-Centrums Kiel<\/li>\n<li>1987 Stipendium des Landes Schleswig-Holstein<\/li>\n<li>1988 \u2013 1995 Werkstatt in Rosdorf\/Holstein<\/li>\n<li>1991 Vertretung f\u00fcr Prof. Johannes Gebhardt an der Fachhochschule Kiel<\/li>\n<li>1996 \u2013 2000 Werkstatt in Kiel<\/li>\n<li>seit 2001 Werkstatt in Preetz<\/li>\n<li>2001 Kapfenberg , Preistr\u00e4gerin in der Sparte Relief bei der 2. Internationalen Keramikbiennale<\/li>\n<\/ul>\n<hr \/>\n<p><img loading=\"lazy\" decoding=\"async\" class=\"aligncenter size-full wp-image-5588\" src=\"https:\/\/keramik-sammler.de\/wp-content\/uploads\/2017\/06\/cathy-fleckstein.jpg\" alt=\"cathy fleckstein\" width=\"1000\" height=\"554\" srcset=\"https:\/\/keramik-sammler.de\/wp-content\/uploads\/2017\/06\/cathy-fleckstein.jpg 1000w, https:\/\/keramik-sammler.de\/wp-content\/uploads\/2017\/06\/cathy-fleckstein-300x166.jpg 300w, https:\/\/keramik-sammler.de\/wp-content\/uploads\/2017\/06\/cathy-fleckstein-973x539.jpg 973w, https:\/\/keramik-sammler.de\/wp-content\/uploads\/2017\/06\/cathy-fleckstein-508x281.jpg 508w\" sizes=\"auto, (max-width: 1000px) 100vw, 1000px\" \/><\/p>\n<hr \/>\n<p>Weitere Informationen \u00fcber die K\u00fcnstlerin finden Sie auf folgenden Webseiten:<\/p>\n<ul>\n<li><a href=\"http:\/\/www.keramik-fleckstein.de\/\" target=\"_blank\" rel=\"noopener\">Cathy Fleckstein &#8211; Webseite der K\u00fcnstlerin<\/a><\/li>\n<\/ul>\n<p>&nbsp;<\/p>\n<p>&nbsp;<\/p>\n","protected":false},"excerpt":{"rendered":"<p>International beachtete Keramikerin<\/p>\n","protected":false},"author":2,"featured_media":5588,"comment_status":"open","ping_status":"closed","sticky":false,"template":"","format":"standard","meta":{"ngg_post_thumbnail":0,"jetpack_post_was_ever_published":false,"_jetpack_newsletter_access":"","_jetpack_dont_email_post_to_subs":false,"_jetpack_newsletter_tier_id":0,"_jetpack_memberships_contains_paywalled_content":false,"_jetpack_memberships_contains_paid_content":false,"footnotes":"","jetpack_publicize_message":"","jetpack_publicize_feature_enabled":true,"jetpack_social_post_already_shared":true,"jetpack_social_options":{"image_generator_settings":{"template":"highway","default_image_id":0,"font":"","enabled":false},"version":2}},"categories":[1,12],"tags":[711,446,22,356,712],"class_list":["post-5587","post","type-post","status-publish","format-standard","has-post-thumbnail","hentry","category-allgemein","category-dk","tag-cathy-fleckstein","tag-johannes-gebhardt","tag-keramik","tag-kiel","tag-muthesius-kunsthochschule"],"yoast_head":"<!-- This site is optimized with the Yoast SEO plugin v27.4 - https:\/\/yoast.com\/product\/yoast-seo-wordpress\/ -->\n<title>CATHY FLECKSTEIN - KERAMIK-SAMMLER.DE<\/title>\n<meta name=\"robots\" content=\"index, follow, max-snippet:-1, max-image-preview:large, max-video-preview:-1\" \/>\n<link rel=\"canonical\" href=\"http:\/\/keramik-sammler.de\/?p=5587\" \/>\n<meta property=\"og:locale\" content=\"de_DE\" \/>\n<meta property=\"og:type\" content=\"article\" \/>\n<meta property=\"og:title\" content=\"CATHY FLECKSTEIN - KERAMIK-SAMMLER.DE\" \/>\n<meta property=\"og:description\" content=\"International beachtete Keramikerin\" \/>\n<meta property=\"og:url\" content=\"http:\/\/keramik-sammler.de\/?p=5587\" \/>\n<meta property=\"og:site_name\" content=\"KERAMIK-SAMMLER.DE\" \/>\n<meta property=\"article:published_time\" content=\"2017-06-25T19:43:07+00:00\" \/>\n<meta property=\"article:modified_time\" content=\"2025-11-13T12:58:15+00:00\" \/>\n<meta property=\"og:image\" content=\"http:\/\/keramik-sammler.de\/wp-content\/uploads\/2017\/06\/cathy-fleckstein.jpg\" \/>\n\t<meta property=\"og:image:width\" content=\"1000\" \/>\n\t<meta property=\"og:image:height\" content=\"554\" \/>\n\t<meta property=\"og:image:type\" content=\"image\/jpeg\" \/>\n<meta name=\"author\" content=\"Kevin B\u00fclow\" \/>\n<meta name=\"twitter:card\" content=\"summary_large_image\" \/>\n<meta name=\"twitter:label1\" content=\"Verfasst von\" \/>\n\t<meta name=\"twitter:data1\" content=\"Kevin B\u00fclow\" \/>\n\t<meta name=\"twitter:label2\" content=\"Gesch\u00e4tzte Lesezeit\" \/>\n\t<meta name=\"twitter:data2\" content=\"2\u00a0Minuten\" \/>\n<script type=\"application\/ld+json\" class=\"yoast-schema-graph\">{\"@context\":\"https:\\\/\\\/schema.org\",\"@graph\":[{\"@type\":\"Article\",\"@id\":\"http:\\\/\\\/keramik-sammler.de\\\/?p=5587#article\",\"isPartOf\":{\"@id\":\"http:\\\/\\\/keramik-sammler.de\\\/?p=5587\"},\"author\":{\"name\":\"Kevin B\u00fclow\",\"@id\":\"http:\\\/\\\/keramik-sammler.de\\\/#\\\/schema\\\/person\\\/eef6090e4285e9bcbb672113504f7259\"},\"headline\":\"CATHY FLECKSTEIN\",\"datePublished\":\"2017-06-25T19:43:07+00:00\",\"dateModified\":\"2025-11-13T12:58:15+00:00\",\"mainEntityOfPage\":{\"@id\":\"http:\\\/\\\/keramik-sammler.de\\\/?p=5587\"},\"wordCount\":177,\"commentCount\":0,\"publisher\":{\"@id\":\"http:\\\/\\\/keramik-sammler.de\\\/#\\\/schema\\\/person\\\/eef6090e4285e9bcbb672113504f7259\"},\"image\":{\"@id\":\"http:\\\/\\\/keramik-sammler.de\\\/?p=5587#primaryimage\"},\"thumbnailUrl\":\"https:\\\/\\\/keramik-sammler.de\\\/wp-content\\\/uploads\\\/2017\\\/06\\\/cathy-fleckstein.jpg\",\"keywords\":[\"cathy fleckstein\",\"johannes gebhardt\",\"keramik\",\"kiel\",\"Muthesius Kunsthochschule\"],\"articleSection\":[\"ALLGEMEIN\",\"DEUTSCHE KERAMIK\"],\"inLanguage\":\"de\",\"potentialAction\":[{\"@type\":\"CommentAction\",\"name\":\"Comment\",\"target\":[\"http:\\\/\\\/keramik-sammler.de\\\/?p=5587#respond\"]}]},{\"@type\":\"WebPage\",\"@id\":\"http:\\\/\\\/keramik-sammler.de\\\/?p=5587\",\"url\":\"http:\\\/\\\/keramik-sammler.de\\\/?p=5587\",\"name\":\"CATHY FLECKSTEIN - KERAMIK-SAMMLER.DE\",\"isPartOf\":{\"@id\":\"http:\\\/\\\/keramik-sammler.de\\\/#website\"},\"primaryImageOfPage\":{\"@id\":\"http:\\\/\\\/keramik-sammler.de\\\/?p=5587#primaryimage\"},\"image\":{\"@id\":\"http:\\\/\\\/keramik-sammler.de\\\/?p=5587#primaryimage\"},\"thumbnailUrl\":\"https:\\\/\\\/keramik-sammler.de\\\/wp-content\\\/uploads\\\/2017\\\/06\\\/cathy-fleckstein.jpg\",\"datePublished\":\"2017-06-25T19:43:07+00:00\",\"dateModified\":\"2025-11-13T12:58:15+00:00\",\"breadcrumb\":{\"@id\":\"http:\\\/\\\/keramik-sammler.de\\\/?p=5587#breadcrumb\"},\"inLanguage\":\"de\",\"potentialAction\":[{\"@type\":\"ReadAction\",\"target\":[\"http:\\\/\\\/keramik-sammler.de\\\/?p=5587\"]}]},{\"@type\":\"ImageObject\",\"inLanguage\":\"de\",\"@id\":\"http:\\\/\\\/keramik-sammler.de\\\/?p=5587#primaryimage\",\"url\":\"https:\\\/\\\/keramik-sammler.de\\\/wp-content\\\/uploads\\\/2017\\\/06\\\/cathy-fleckstein.jpg\",\"contentUrl\":\"https:\\\/\\\/keramik-sammler.de\\\/wp-content\\\/uploads\\\/2017\\\/06\\\/cathy-fleckstein.jpg\",\"width\":1000,\"height\":554,\"caption\":\"cathy fleckstein\"},{\"@type\":\"BreadcrumbList\",\"@id\":\"http:\\\/\\\/keramik-sammler.de\\\/?p=5587#breadcrumb\",\"itemListElement\":[{\"@type\":\"ListItem\",\"position\":1,\"name\":\"Startseite\",\"item\":\"http:\\\/\\\/keramik-sammler.de\\\/\"},{\"@type\":\"ListItem\",\"position\":2,\"name\":\"CATHY FLECKSTEIN\"}]},{\"@type\":\"WebSite\",\"@id\":\"http:\\\/\\\/keramik-sammler.de\\\/#website\",\"url\":\"http:\\\/\\\/keramik-sammler.de\\\/\",\"name\":\"KERAMIK-SAMMLER.DE\",\"description\":\"informationsportal f\u00fcr  k\u00fcnstlerkeramik - studiokeramik - studio pottery\",\"publisher\":{\"@id\":\"http:\\\/\\\/keramik-sammler.de\\\/#\\\/schema\\\/person\\\/eef6090e4285e9bcbb672113504f7259\"},\"potentialAction\":[{\"@type\":\"SearchAction\",\"target\":{\"@type\":\"EntryPoint\",\"urlTemplate\":\"http:\\\/\\\/keramik-sammler.de\\\/?s={search_term_string}\"},\"query-input\":{\"@type\":\"PropertyValueSpecification\",\"valueRequired\":true,\"valueName\":\"search_term_string\"}}],\"inLanguage\":\"de\"},{\"@type\":[\"Person\",\"Organization\"],\"@id\":\"http:\\\/\\\/keramik-sammler.de\\\/#\\\/schema\\\/person\\\/eef6090e4285e9bcbb672113504f7259\",\"name\":\"Kevin B\u00fclow\",\"image\":{\"@type\":\"ImageObject\",\"inLanguage\":\"de\",\"@id\":\"http:\\\/\\\/keramik-sammler.de\\\/wp-content\\\/uploads\\\/2019\\\/04\\\/logo2019_-neu-crob.jpg\",\"url\":\"http:\\\/\\\/keramik-sammler.de\\\/wp-content\\\/uploads\\\/2019\\\/04\\\/logo2019_-neu-crob.jpg\",\"contentUrl\":\"http:\\\/\\\/keramik-sammler.de\\\/wp-content\\\/uploads\\\/2019\\\/04\\\/logo2019_-neu-crob.jpg\",\"width\":2784,\"height\":1074,\"caption\":\"Kevin B\u00fclow\"},\"logo\":{\"@id\":\"http:\\\/\\\/keramik-sammler.de\\\/wp-content\\\/uploads\\\/2019\\\/04\\\/logo2019_-neu-crob.jpg\"},\"sameAs\":[\"https:\\\/\\\/www.keramik-sammler.de\"],\"url\":\"https:\\\/\\\/keramik-sammler.de\\\/?author=2\"}]}<\/script>\n<!-- \/ Yoast SEO plugin. -->","yoast_head_json":{"title":"CATHY FLECKSTEIN - KERAMIK-SAMMLER.DE","robots":{"index":"index","follow":"follow","max-snippet":"max-snippet:-1","max-image-preview":"max-image-preview:large","max-video-preview":"max-video-preview:-1"},"canonical":"http:\/\/keramik-sammler.de\/?p=5587","og_locale":"de_DE","og_type":"article","og_title":"CATHY FLECKSTEIN - KERAMIK-SAMMLER.DE","og_description":"International beachtete Keramikerin","og_url":"http:\/\/keramik-sammler.de\/?p=5587","og_site_name":"KERAMIK-SAMMLER.DE","article_published_time":"2017-06-25T19:43:07+00:00","article_modified_time":"2025-11-13T12:58:15+00:00","og_image":[{"width":1000,"height":554,"url":"http:\/\/keramik-sammler.de\/wp-content\/uploads\/2017\/06\/cathy-fleckstein.jpg","type":"image\/jpeg"}],"author":"Kevin B\u00fclow","twitter_card":"summary_large_image","twitter_misc":{"Verfasst von":"Kevin B\u00fclow","Gesch\u00e4tzte Lesezeit":"2\u00a0Minuten"},"schema":{"@context":"https:\/\/schema.org","@graph":[{"@type":"Article","@id":"http:\/\/keramik-sammler.de\/?p=5587#article","isPartOf":{"@id":"http:\/\/keramik-sammler.de\/?p=5587"},"author":{"name":"Kevin B\u00fclow","@id":"http:\/\/keramik-sammler.de\/#\/schema\/person\/eef6090e4285e9bcbb672113504f7259"},"headline":"CATHY FLECKSTEIN","datePublished":"2017-06-25T19:43:07+00:00","dateModified":"2025-11-13T12:58:15+00:00","mainEntityOfPage":{"@id":"http:\/\/keramik-sammler.de\/?p=5587"},"wordCount":177,"commentCount":0,"publisher":{"@id":"http:\/\/keramik-sammler.de\/#\/schema\/person\/eef6090e4285e9bcbb672113504f7259"},"image":{"@id":"http:\/\/keramik-sammler.de\/?p=5587#primaryimage"},"thumbnailUrl":"https:\/\/keramik-sammler.de\/wp-content\/uploads\/2017\/06\/cathy-fleckstein.jpg","keywords":["cathy fleckstein","johannes gebhardt","keramik","kiel","Muthesius Kunsthochschule"],"articleSection":["ALLGEMEIN","DEUTSCHE KERAMIK"],"inLanguage":"de","potentialAction":[{"@type":"CommentAction","name":"Comment","target":["http:\/\/keramik-sammler.de\/?p=5587#respond"]}]},{"@type":"WebPage","@id":"http:\/\/keramik-sammler.de\/?p=5587","url":"http:\/\/keramik-sammler.de\/?p=5587","name":"CATHY FLECKSTEIN - KERAMIK-SAMMLER.DE","isPartOf":{"@id":"http:\/\/keramik-sammler.de\/#website"},"primaryImageOfPage":{"@id":"http:\/\/keramik-sammler.de\/?p=5587#primaryimage"},"image":{"@id":"http:\/\/keramik-sammler.de\/?p=5587#primaryimage"},"thumbnailUrl":"https:\/\/keramik-sammler.de\/wp-content\/uploads\/2017\/06\/cathy-fleckstein.jpg","datePublished":"2017-06-25T19:43:07+00:00","dateModified":"2025-11-13T12:58:15+00:00","breadcrumb":{"@id":"http:\/\/keramik-sammler.de\/?p=5587#breadcrumb"},"inLanguage":"de","potentialAction":[{"@type":"ReadAction","target":["http:\/\/keramik-sammler.de\/?p=5587"]}]},{"@type":"ImageObject","inLanguage":"de","@id":"http:\/\/keramik-sammler.de\/?p=5587#primaryimage","url":"https:\/\/keramik-sammler.de\/wp-content\/uploads\/2017\/06\/cathy-fleckstein.jpg","contentUrl":"https:\/\/keramik-sammler.de\/wp-content\/uploads\/2017\/06\/cathy-fleckstein.jpg","width":1000,"height":554,"caption":"cathy fleckstein"},{"@type":"BreadcrumbList","@id":"http:\/\/keramik-sammler.de\/?p=5587#breadcrumb","itemListElement":[{"@type":"ListItem","position":1,"name":"Startseite","item":"http:\/\/keramik-sammler.de\/"},{"@type":"ListItem","position":2,"name":"CATHY FLECKSTEIN"}]},{"@type":"WebSite","@id":"http:\/\/keramik-sammler.de\/#website","url":"http:\/\/keramik-sammler.de\/","name":"KERAMIK-SAMMLER.DE","description":"informationsportal f\u00fcr  k\u00fcnstlerkeramik - studiokeramik - studio pottery","publisher":{"@id":"http:\/\/keramik-sammler.de\/#\/schema\/person\/eef6090e4285e9bcbb672113504f7259"},"potentialAction":[{"@type":"SearchAction","target":{"@type":"EntryPoint","urlTemplate":"http:\/\/keramik-sammler.de\/?s={search_term_string}"},"query-input":{"@type":"PropertyValueSpecification","valueRequired":true,"valueName":"search_term_string"}}],"inLanguage":"de"},{"@type":["Person","Organization"],"@id":"http:\/\/keramik-sammler.de\/#\/schema\/person\/eef6090e4285e9bcbb672113504f7259","name":"Kevin B\u00fclow","image":{"@type":"ImageObject","inLanguage":"de","@id":"http:\/\/keramik-sammler.de\/wp-content\/uploads\/2019\/04\/logo2019_-neu-crob.jpg","url":"http:\/\/keramik-sammler.de\/wp-content\/uploads\/2019\/04\/logo2019_-neu-crob.jpg","contentUrl":"http:\/\/keramik-sammler.de\/wp-content\/uploads\/2019\/04\/logo2019_-neu-crob.jpg","width":2784,"height":1074,"caption":"Kevin B\u00fclow"},"logo":{"@id":"http:\/\/keramik-sammler.de\/wp-content\/uploads\/2019\/04\/logo2019_-neu-crob.jpg"},"sameAs":["https:\/\/www.keramik-sammler.de"],"url":"https:\/\/keramik-sammler.de\/?author=2"}]}},"jetpack_publicize_connections":[],"jetpack_featured_media_url":"https:\/\/keramik-sammler.de\/wp-content\/uploads\/2017\/06\/cathy-fleckstein.jpg","jetpack_sharing_enabled":true,"jetpack_shortlink":"https:\/\/wp.me\/p6UNPE-1s7","_links":{"self":[{"href":"https:\/\/keramik-sammler.de\/index.php?rest_route=\/wp\/v2\/posts\/5587","targetHints":{"allow":["GET"]}}],"collection":[{"href":"https:\/\/keramik-sammler.de\/index.php?rest_route=\/wp\/v2\/posts"}],"about":[{"href":"https:\/\/keramik-sammler.de\/index.php?rest_route=\/wp\/v2\/types\/post"}],"author":[{"embeddable":true,"href":"https:\/\/keramik-sammler.de\/index.php?rest_route=\/wp\/v2\/users\/2"}],"replies":[{"embeddable":true,"href":"https:\/\/keramik-sammler.de\/index.php?rest_route=%2Fwp%2Fv2%2Fcomments&post=5587"}],"version-history":[{"count":3,"href":"https:\/\/keramik-sammler.de\/index.php?rest_route=\/wp\/v2\/posts\/5587\/revisions"}],"predecessor-version":[{"id":11077,"href":"https:\/\/keramik-sammler.de\/index.php?rest_route=\/wp\/v2\/posts\/5587\/revisions\/11077"}],"wp:featuredmedia":[{"embeddable":true,"href":"https:\/\/keramik-sammler.de\/index.php?rest_route=\/wp\/v2\/media\/5588"}],"wp:attachment":[{"href":"https:\/\/keramik-sammler.de\/index.php?rest_route=%2Fwp%2Fv2%2Fmedia&parent=5587"}],"wp:term":[{"taxonomy":"category","embeddable":true,"href":"https:\/\/keramik-sammler.de\/index.php?rest_route=%2Fwp%2Fv2%2Fcategories&post=5587"},{"taxonomy":"post_tag","embeddable":true,"href":"https:\/\/keramik-sammler.de\/index.php?rest_route=%2Fwp%2Fv2%2Ftags&post=5587"}],"curies":[{"name":"wp","href":"https:\/\/api.w.org\/{rel}","templated":true}]}}