{"id":5687,"date":"2025-03-20T08:31:47","date_gmt":"2025-03-20T07:31:47","guid":{"rendered":"https:\/\/www.keramik-sammler.de\/?p=5687"},"modified":"2025-11-14T23:07:19","modified_gmt":"2025-11-14T22:07:19","slug":"walter-popp","status":"publish","type":"post","link":"https:\/\/keramik-sammler.de\/?p=5687","title":{"rendered":"WALTER POPP"},"content":{"rendered":"\n<ul class=\"wp-block-list\">\n<li>Geboren am 12. Oktober 1913 in Bunzlau<\/li>\n\n\n\n<li>1933 &#8211; 1935 Ausbildung zum Fotografen in Krefeld<\/li>\n\n\n\n<li>1935 &#8211; 1937 Studium an der Bayerischen Staatslehranstalt f\u00fcr Lichtbildwesen, M\u00fcnchen &#8222;Meisterklasse f\u00fcr gestaltende Fotografie&#8220;<\/li>\n\n\n\n<li>1939 -1945 Kriegsdienst<\/li>\n\n\n\n<li>seit 1945 Besch\u00e4ftigung mit bildender Kunst und Selbststudium der Keramik<\/li>\n\n\n\n<li>1948 &#8211; 1954 gemeinsame Werkstatt mit Veronika Popp (Dressler) im T\u00f6pferort Die\u00dfen am Ammersee<\/li>\n\n\n\n<li>1954 &#8211; 1977 Leitung der Keramikklasse der Hochschule f\u00fcr Bildende K\u00fcnste in Kassel<\/li>\n\n\n\n<li>verstorben am 8. August 1977 in Kassel<\/li>\n<\/ul>\n\n\n\n<hr class=\"wp-block-separator has-alpha-channel-opacity\"\/>\n\n\n<div class=\"wp-block-image is-style-rounded\">\n<figure class=\"aligncenter size-large is-resized\"><img loading=\"lazy\" decoding=\"async\" width=\"2048\" height=\"2048\" src=\"https:\/\/keramik-sammler.de\/wp-content\/uploads\/2025\/10\/f25203-8-edited.jpg\" alt=\"\" class=\"wp-image-10701\" style=\"width:281px;height:auto\" srcset=\"https:\/\/keramik-sammler.de\/wp-content\/uploads\/2025\/10\/f25203-8-edited.jpg 2048w, https:\/\/keramik-sammler.de\/wp-content\/uploads\/2025\/10\/f25203-8-edited-300x300.jpg 300w, https:\/\/keramik-sammler.de\/wp-content\/uploads\/2025\/10\/f25203-8-edited-1000x1000.jpg 1000w, https:\/\/keramik-sammler.de\/wp-content\/uploads\/2025\/10\/f25203-8-edited-200x200.jpg 200w, https:\/\/keramik-sammler.de\/wp-content\/uploads\/2025\/10\/f25203-8-edited-1536x1536.jpg 1536w, https:\/\/keramik-sammler.de\/wp-content\/uploads\/2025\/10\/f25203-8-edited-88x88.jpg 88w, https:\/\/keramik-sammler.de\/wp-content\/uploads\/2025\/10\/f25203-8-edited-973x973.jpg 973w, https:\/\/keramik-sammler.de\/wp-content\/uploads\/2025\/10\/f25203-8-edited-508x508.jpg 508w\" sizes=\"auto, (max-width: 2048px) 100vw, 2048px\" \/><figcaption class=\"wp-element-caption\">SIGNATUR \/ MARKE<\/figcaption><\/figure>\n<\/div>\n\n\n<p>Walter Popps Keramik verbindet klar strukturierte, archaisch wirkende Formen mit fein nuancierten Glasuren zu einer kraftvoll-schlichten, zeitlosen Ausdrucks\u00e4sthetik.<\/p>\n\n\n\n<hr class=\"wp-block-separator has-alpha-channel-opacity\"\/>\n\n\n\n<p class=\"has-text-align-center has-white-color has-light-green-cyan-to-vivid-green-cyan-gradient-background has-text-color has-background has-link-color has-large-font-size wp-elements-84682243321e850a5c43b8e23e9f5666\"><strong>ANKAUF VON WALTER POPP KERAMIK<\/strong><\/p>\n\n\n\n<p class=\"has-text-align-center\"><strong>Falls Sie eine Arbeit von Walter Popp ver\u00e4u\u00dfern wollen, w\u00fcrde ich mich freuen wenn Sie mir diese anbieten w\u00fcrden.<\/strong> <br><br><strong>Walter Popps Keramiken bilden einen Schwerpunkt in meiner Sammlung.<\/strong><\/p>\n\n\n\n<p class=\"has-text-align-center\">Gerne k\u00f6nnen Sie mir eine Email schreiben: buelowkevin@gmx.de<\/p>\n\n\n\n<hr class=\"wp-block-separator has-alpha-channel-opacity\"\/>\n\n\n\n<figure class=\"wp-block-gallery has-nested-images columns-2 is-cropped wp-block-gallery-1 is-layout-flex wp-block-gallery-is-layout-flex\">\n<figure class=\"wp-block-image size-large is-style-rounded\"><img loading=\"lazy\" decoding=\"async\" width=\"800\" height=\"800\" data-id=\"5791\" src=\"https:\/\/keramik-sammler.de\/wp-content\/uploads\/2017\/09\/IMG_3569.jpg\" alt=\"\" class=\"wp-image-5791\" srcset=\"https:\/\/keramik-sammler.de\/wp-content\/uploads\/2017\/09\/IMG_3569.jpg 800w, https:\/\/keramik-sammler.de\/wp-content\/uploads\/2017\/09\/IMG_3569-200x200.jpg 200w, https:\/\/keramik-sammler.de\/wp-content\/uploads\/2017\/09\/IMG_3569-300x300.jpg 300w, https:\/\/keramik-sammler.de\/wp-content\/uploads\/2017\/09\/IMG_3569-88x88.jpg 88w, https:\/\/keramik-sammler.de\/wp-content\/uploads\/2017\/09\/IMG_3569-508x508.jpg 508w\" sizes=\"auto, (max-width: 800px) 100vw, 800px\" \/><\/figure>\n\n\n\n<figure class=\"wp-block-image size-thumbnail is-style-rounded\"><img loading=\"lazy\" decoding=\"async\" width=\"200\" height=\"200\" data-id=\"11162\" src=\"https:\/\/keramik-sammler.de\/wp-content\/uploads\/2025\/11\/IMG_20170912_141002-edited-200x200.jpg\" alt=\"\" class=\"wp-image-11162\" srcset=\"https:\/\/keramik-sammler.de\/wp-content\/uploads\/2025\/11\/IMG_20170912_141002-edited-200x200.jpg 200w, https:\/\/keramik-sammler.de\/wp-content\/uploads\/2025\/11\/IMG_20170912_141002-edited-300x300.jpg 300w, https:\/\/keramik-sammler.de\/wp-content\/uploads\/2025\/11\/IMG_20170912_141002-edited-88x88.jpg 88w, https:\/\/keramik-sammler.de\/wp-content\/uploads\/2025\/11\/IMG_20170912_141002-edited-973x974.jpg 973w, https:\/\/keramik-sammler.de\/wp-content\/uploads\/2025\/11\/IMG_20170912_141002-edited-508x509.jpg 508w, https:\/\/keramik-sammler.de\/wp-content\/uploads\/2025\/11\/IMG_20170912_141002-edited.jpg 1000w\" sizes=\"auto, (max-width: 200px) 100vw, 200px\" \/><\/figure>\n\n\n\n<figure class=\"wp-block-image size-large is-style-rounded\"><img loading=\"lazy\" decoding=\"async\" width=\"2560\" height=\"2560\" data-id=\"11163\" src=\"https:\/\/keramik-sammler.de\/wp-content\/uploads\/2025\/11\/PXL_20250318_1331595363-edited-scaled.jpg\" alt=\"\" class=\"wp-image-11163\" srcset=\"https:\/\/keramik-sammler.de\/wp-content\/uploads\/2025\/11\/PXL_20250318_1331595363-edited-scaled.jpg 2560w, https:\/\/keramik-sammler.de\/wp-content\/uploads\/2025\/11\/PXL_20250318_1331595363-edited-300x300.jpg 300w, https:\/\/keramik-sammler.de\/wp-content\/uploads\/2025\/11\/PXL_20250318_1331595363-edited-1000x1000.jpg 1000w, https:\/\/keramik-sammler.de\/wp-content\/uploads\/2025\/11\/PXL_20250318_1331595363-edited-200x200.jpg 200w, https:\/\/keramik-sammler.de\/wp-content\/uploads\/2025\/11\/PXL_20250318_1331595363-edited-1536x1536.jpg 1536w, https:\/\/keramik-sammler.de\/wp-content\/uploads\/2025\/11\/PXL_20250318_1331595363-edited-2048x2048.jpg 2048w, https:\/\/keramik-sammler.de\/wp-content\/uploads\/2025\/11\/PXL_20250318_1331595363-edited-88x88.jpg 88w, https:\/\/keramik-sammler.de\/wp-content\/uploads\/2025\/11\/PXL_20250318_1331595363-edited-973x973.jpg 973w, https:\/\/keramik-sammler.de\/wp-content\/uploads\/2025\/11\/PXL_20250318_1331595363-edited-508x508.jpg 508w\" sizes=\"auto, (max-width: 2560px) 100vw, 2560px\" \/><\/figure>\n<\/figure>\n\n\n\n<hr class=\"wp-block-separator has-alpha-channel-opacity\"\/>\n\n\n\n<p>Weitere Informationen \u00fcber den Keramiker finden Sie auf folgenden Webseiten:<\/p>\n\n\n\n<ul class=\"wp-block-list\">\n<li><a href=\"https:\/\/de.wikipedia.org\/wiki\/Walter_Popp_(Keramiker)\" target=\"_blank\" rel=\"noopener\">Walter Popp &#8211; Wikipedia-Eintrag<\/a><\/li>\n<\/ul>\n\n\n\n<p>&nbsp;<\/p>\n\n\n\n<p>&nbsp;<\/p>\n\n\n\n<p>&nbsp;<\/p>\n\n\n\n<p>&nbsp;<\/p>\n\n\n\n<p>&nbsp;<\/p>\n\n\n\n<p>&nbsp;<\/p>\n","protected":false},"excerpt":{"rendered":"<p>Walter Popps Keramik verbindet klar strukturierte, archaisch wirkende Formen mit fein nuancierten Glasuren zu einer kraftvoll-schlichten, zeitlosen Ausdrucks\u00e4sthetik.<\/p>\n","protected":false},"author":2,"featured_media":11163,"comment_status":"open","ping_status":"closed","sticky":false,"template":"","format":"standard","meta":{"ngg_post_thumbnail":0,"jetpack_post_was_ever_published":false,"_jetpack_newsletter_access":"","_jetpack_dont_email_post_to_subs":false,"_jetpack_newsletter_tier_id":0,"_jetpack_memberships_contains_paywalled_content":false,"_jetpack_memberships_contains_paid_content":false,"footnotes":"","jetpack_publicize_message":"","jetpack_publicize_feature_enabled":true,"jetpack_social_post_already_shared":true,"jetpack_social_options":{"image_generator_settings":{"template":"highway","default_image_id":0,"font":"","enabled":false},"version":2}},"categories":[1,12],"tags":[231,17,435,22,4,183],"class_list":["post-5687","post","type-post","status-publish","format-standard","has-post-thumbnail","hentry","category-allgemein","category-dk","tag-art-pottery","tag-kassel","tag-kasseler-schule","tag-keramik","tag-studiokeramik","tag-walter-popp"],"yoast_head":"<!-- This site is optimized with the Yoast SEO plugin v27.4 - https:\/\/yoast.com\/product\/yoast-seo-wordpress\/ -->\n<title>WALTER POPP - KERAMIK-SAMMLER.DE<\/title>\n<meta name=\"description\" content=\"Walter Popp hatte von 1954 bis 1977 die Leitung der Keramikklasse der Hochschule f\u00fcr Bildende K\u00fcnste in Kassel.\" \/>\n<meta name=\"robots\" content=\"index, follow, max-snippet:-1, max-image-preview:large, max-video-preview:-1\" \/>\n<link rel=\"canonical\" href=\"http:\/\/keramik-sammler.de\/?p=5687\" \/>\n<meta property=\"og:locale\" content=\"de_DE\" \/>\n<meta property=\"og:type\" content=\"article\" \/>\n<meta property=\"og:title\" content=\"WALTER POPP - KERAMIK-SAMMLER.DE\" \/>\n<meta property=\"og:description\" content=\"Walter Popp hatte von 1954 bis 1977 die Leitung der Keramikklasse der Hochschule f\u00fcr Bildende K\u00fcnste in Kassel.\" \/>\n<meta property=\"og:url\" content=\"http:\/\/keramik-sammler.de\/?p=5687\" \/>\n<meta property=\"og:site_name\" content=\"KERAMIK-SAMMLER.DE\" \/>\n<meta property=\"article:published_time\" content=\"2025-03-20T07:31:47+00:00\" \/>\n<meta property=\"article:modified_time\" content=\"2025-11-14T22:07:19+00:00\" \/>\n<meta property=\"og:image\" content=\"http:\/\/keramik-sammler.de\/wp-content\/uploads\/2025\/11\/PXL_20250318_1331595363-edited-scaled.jpg\" \/>\n\t<meta property=\"og:image:width\" content=\"2560\" \/>\n\t<meta property=\"og:image:height\" content=\"2560\" \/>\n\t<meta property=\"og:image:type\" content=\"image\/jpeg\" \/>\n<meta name=\"author\" content=\"Kevin B\u00fclow\" \/>\n<meta name=\"twitter:card\" content=\"summary_large_image\" \/>\n<meta name=\"twitter:label1\" content=\"Verfasst von\" \/>\n\t<meta name=\"twitter:data1\" content=\"Kevin B\u00fclow\" \/>\n\t<meta name=\"twitter:label2\" content=\"Gesch\u00e4tzte Lesezeit\" \/>\n\t<meta name=\"twitter:data2\" content=\"2\u00a0Minuten\" \/>\n<script type=\"application\/ld+json\" class=\"yoast-schema-graph\">{\"@context\":\"https:\\\/\\\/schema.org\",\"@graph\":[{\"@type\":\"Article\",\"@id\":\"http:\\\/\\\/keramik-sammler.de\\\/?p=5687#article\",\"isPartOf\":{\"@id\":\"http:\\\/\\\/keramik-sammler.de\\\/?p=5687\"},\"author\":{\"name\":\"Kevin B\u00fclow\",\"@id\":\"http:\\\/\\\/keramik-sammler.de\\\/#\\\/schema\\\/person\\\/eef6090e4285e9bcbb672113504f7259\"},\"headline\":\"WALTER POPP\",\"datePublished\":\"2025-03-20T07:31:47+00:00\",\"dateModified\":\"2025-11-14T22:07:19+00:00\",\"mainEntityOfPage\":{\"@id\":\"http:\\\/\\\/keramik-sammler.de\\\/?p=5687\"},\"wordCount\":162,\"commentCount\":0,\"publisher\":{\"@id\":\"http:\\\/\\\/keramik-sammler.de\\\/#\\\/schema\\\/person\\\/eef6090e4285e9bcbb672113504f7259\"},\"image\":{\"@id\":\"http:\\\/\\\/keramik-sammler.de\\\/?p=5687#primaryimage\"},\"thumbnailUrl\":\"https:\\\/\\\/keramik-sammler.de\\\/wp-content\\\/uploads\\\/2025\\\/11\\\/PXL_20250318_1331595363-edited-scaled.jpg\",\"keywords\":[\"art pottery\",\"kassel\",\"kasseler schule\",\"keramik\",\"studiokeramik\",\"walter popp\"],\"articleSection\":[\"ALLGEMEIN\",\"DEUTSCHE KERAMIK\"],\"inLanguage\":\"de\",\"potentialAction\":[{\"@type\":\"CommentAction\",\"name\":\"Comment\",\"target\":[\"http:\\\/\\\/keramik-sammler.de\\\/?p=5687#respond\"]}]},{\"@type\":\"WebPage\",\"@id\":\"http:\\\/\\\/keramik-sammler.de\\\/?p=5687\",\"url\":\"http:\\\/\\\/keramik-sammler.de\\\/?p=5687\",\"name\":\"WALTER POPP - KERAMIK-SAMMLER.DE\",\"isPartOf\":{\"@id\":\"http:\\\/\\\/keramik-sammler.de\\\/#website\"},\"primaryImageOfPage\":{\"@id\":\"http:\\\/\\\/keramik-sammler.de\\\/?p=5687#primaryimage\"},\"image\":{\"@id\":\"http:\\\/\\\/keramik-sammler.de\\\/?p=5687#primaryimage\"},\"thumbnailUrl\":\"https:\\\/\\\/keramik-sammler.de\\\/wp-content\\\/uploads\\\/2025\\\/11\\\/PXL_20250318_1331595363-edited-scaled.jpg\",\"datePublished\":\"2025-03-20T07:31:47+00:00\",\"dateModified\":\"2025-11-14T22:07:19+00:00\",\"description\":\"Walter Popp hatte von 1954 bis 1977 die Leitung der Keramikklasse der Hochschule f\u00fcr Bildende K\u00fcnste in Kassel.\",\"breadcrumb\":{\"@id\":\"http:\\\/\\\/keramik-sammler.de\\\/?p=5687#breadcrumb\"},\"inLanguage\":\"de\",\"potentialAction\":[{\"@type\":\"ReadAction\",\"target\":[\"http:\\\/\\\/keramik-sammler.de\\\/?p=5687\"]}]},{\"@type\":\"ImageObject\",\"inLanguage\":\"de\",\"@id\":\"http:\\\/\\\/keramik-sammler.de\\\/?p=5687#primaryimage\",\"url\":\"https:\\\/\\\/keramik-sammler.de\\\/wp-content\\\/uploads\\\/2025\\\/11\\\/PXL_20250318_1331595363-edited-scaled.jpg\",\"contentUrl\":\"https:\\\/\\\/keramik-sammler.de\\\/wp-content\\\/uploads\\\/2025\\\/11\\\/PXL_20250318_1331595363-edited-scaled.jpg\",\"width\":2560,\"height\":2560},{\"@type\":\"BreadcrumbList\",\"@id\":\"http:\\\/\\\/keramik-sammler.de\\\/?p=5687#breadcrumb\",\"itemListElement\":[{\"@type\":\"ListItem\",\"position\":1,\"name\":\"Startseite\",\"item\":\"http:\\\/\\\/keramik-sammler.de\\\/\"},{\"@type\":\"ListItem\",\"position\":2,\"name\":\"WALTER POPP\"}]},{\"@type\":\"WebSite\",\"@id\":\"http:\\\/\\\/keramik-sammler.de\\\/#website\",\"url\":\"http:\\\/\\\/keramik-sammler.de\\\/\",\"name\":\"KERAMIK-SAMMLER.DE\",\"description\":\"informationsportal f\u00fcr  k\u00fcnstlerkeramik - studiokeramik - studio pottery\",\"publisher\":{\"@id\":\"http:\\\/\\\/keramik-sammler.de\\\/#\\\/schema\\\/person\\\/eef6090e4285e9bcbb672113504f7259\"},\"potentialAction\":[{\"@type\":\"SearchAction\",\"target\":{\"@type\":\"EntryPoint\",\"urlTemplate\":\"http:\\\/\\\/keramik-sammler.de\\\/?s={search_term_string}\"},\"query-input\":{\"@type\":\"PropertyValueSpecification\",\"valueRequired\":true,\"valueName\":\"search_term_string\"}}],\"inLanguage\":\"de\"},{\"@type\":[\"Person\",\"Organization\"],\"@id\":\"http:\\\/\\\/keramik-sammler.de\\\/#\\\/schema\\\/person\\\/eef6090e4285e9bcbb672113504f7259\",\"name\":\"Kevin B\u00fclow\",\"image\":{\"@type\":\"ImageObject\",\"inLanguage\":\"de\",\"@id\":\"http:\\\/\\\/keramik-sammler.de\\\/wp-content\\\/uploads\\\/2019\\\/04\\\/logo2019_-neu-crob.jpg\",\"url\":\"http:\\\/\\\/keramik-sammler.de\\\/wp-content\\\/uploads\\\/2019\\\/04\\\/logo2019_-neu-crob.jpg\",\"contentUrl\":\"http:\\\/\\\/keramik-sammler.de\\\/wp-content\\\/uploads\\\/2019\\\/04\\\/logo2019_-neu-crob.jpg\",\"width\":2784,\"height\":1074,\"caption\":\"Kevin B\u00fclow\"},\"logo\":{\"@id\":\"http:\\\/\\\/keramik-sammler.de\\\/wp-content\\\/uploads\\\/2019\\\/04\\\/logo2019_-neu-crob.jpg\"},\"sameAs\":[\"https:\\\/\\\/www.keramik-sammler.de\"],\"url\":\"https:\\\/\\\/keramik-sammler.de\\\/?author=2\"}]}<\/script>\n<!-- \/ Yoast SEO plugin. -->","yoast_head_json":{"title":"WALTER POPP - KERAMIK-SAMMLER.DE","description":"Walter Popp hatte von 1954 bis 1977 die Leitung der Keramikklasse der Hochschule f\u00fcr Bildende K\u00fcnste in Kassel.","robots":{"index":"index","follow":"follow","max-snippet":"max-snippet:-1","max-image-preview":"max-image-preview:large","max-video-preview":"max-video-preview:-1"},"canonical":"http:\/\/keramik-sammler.de\/?p=5687","og_locale":"de_DE","og_type":"article","og_title":"WALTER POPP - KERAMIK-SAMMLER.DE","og_description":"Walter Popp hatte von 1954 bis 1977 die Leitung der Keramikklasse der Hochschule f\u00fcr Bildende K\u00fcnste in Kassel.","og_url":"http:\/\/keramik-sammler.de\/?p=5687","og_site_name":"KERAMIK-SAMMLER.DE","article_published_time":"2025-03-20T07:31:47+00:00","article_modified_time":"2025-11-14T22:07:19+00:00","og_image":[{"width":2560,"height":2560,"url":"http:\/\/keramik-sammler.de\/wp-content\/uploads\/2025\/11\/PXL_20250318_1331595363-edited-scaled.jpg","type":"image\/jpeg"}],"author":"Kevin B\u00fclow","twitter_card":"summary_large_image","twitter_misc":{"Verfasst von":"Kevin B\u00fclow","Gesch\u00e4tzte Lesezeit":"2\u00a0Minuten"},"schema":{"@context":"https:\/\/schema.org","@graph":[{"@type":"Article","@id":"http:\/\/keramik-sammler.de\/?p=5687#article","isPartOf":{"@id":"http:\/\/keramik-sammler.de\/?p=5687"},"author":{"name":"Kevin B\u00fclow","@id":"http:\/\/keramik-sammler.de\/#\/schema\/person\/eef6090e4285e9bcbb672113504f7259"},"headline":"WALTER POPP","datePublished":"2025-03-20T07:31:47+00:00","dateModified":"2025-11-14T22:07:19+00:00","mainEntityOfPage":{"@id":"http:\/\/keramik-sammler.de\/?p=5687"},"wordCount":162,"commentCount":0,"publisher":{"@id":"http:\/\/keramik-sammler.de\/#\/schema\/person\/eef6090e4285e9bcbb672113504f7259"},"image":{"@id":"http:\/\/keramik-sammler.de\/?p=5687#primaryimage"},"thumbnailUrl":"https:\/\/keramik-sammler.de\/wp-content\/uploads\/2025\/11\/PXL_20250318_1331595363-edited-scaled.jpg","keywords":["art pottery","kassel","kasseler schule","keramik","studiokeramik","walter popp"],"articleSection":["ALLGEMEIN","DEUTSCHE KERAMIK"],"inLanguage":"de","potentialAction":[{"@type":"CommentAction","name":"Comment","target":["http:\/\/keramik-sammler.de\/?p=5687#respond"]}]},{"@type":"WebPage","@id":"http:\/\/keramik-sammler.de\/?p=5687","url":"http:\/\/keramik-sammler.de\/?p=5687","name":"WALTER POPP - KERAMIK-SAMMLER.DE","isPartOf":{"@id":"http:\/\/keramik-sammler.de\/#website"},"primaryImageOfPage":{"@id":"http:\/\/keramik-sammler.de\/?p=5687#primaryimage"},"image":{"@id":"http:\/\/keramik-sammler.de\/?p=5687#primaryimage"},"thumbnailUrl":"https:\/\/keramik-sammler.de\/wp-content\/uploads\/2025\/11\/PXL_20250318_1331595363-edited-scaled.jpg","datePublished":"2025-03-20T07:31:47+00:00","dateModified":"2025-11-14T22:07:19+00:00","description":"Walter Popp hatte von 1954 bis 1977 die Leitung der Keramikklasse der Hochschule f\u00fcr Bildende K\u00fcnste in Kassel.","breadcrumb":{"@id":"http:\/\/keramik-sammler.de\/?p=5687#breadcrumb"},"inLanguage":"de","potentialAction":[{"@type":"ReadAction","target":["http:\/\/keramik-sammler.de\/?p=5687"]}]},{"@type":"ImageObject","inLanguage":"de","@id":"http:\/\/keramik-sammler.de\/?p=5687#primaryimage","url":"https:\/\/keramik-sammler.de\/wp-content\/uploads\/2025\/11\/PXL_20250318_1331595363-edited-scaled.jpg","contentUrl":"https:\/\/keramik-sammler.de\/wp-content\/uploads\/2025\/11\/PXL_20250318_1331595363-edited-scaled.jpg","width":2560,"height":2560},{"@type":"BreadcrumbList","@id":"http:\/\/keramik-sammler.de\/?p=5687#breadcrumb","itemListElement":[{"@type":"ListItem","position":1,"name":"Startseite","item":"http:\/\/keramik-sammler.de\/"},{"@type":"ListItem","position":2,"name":"WALTER POPP"}]},{"@type":"WebSite","@id":"http:\/\/keramik-sammler.de\/#website","url":"http:\/\/keramik-sammler.de\/","name":"KERAMIK-SAMMLER.DE","description":"informationsportal f\u00fcr  k\u00fcnstlerkeramik - studiokeramik - studio pottery","publisher":{"@id":"http:\/\/keramik-sammler.de\/#\/schema\/person\/eef6090e4285e9bcbb672113504f7259"},"potentialAction":[{"@type":"SearchAction","target":{"@type":"EntryPoint","urlTemplate":"http:\/\/keramik-sammler.de\/?s={search_term_string}"},"query-input":{"@type":"PropertyValueSpecification","valueRequired":true,"valueName":"search_term_string"}}],"inLanguage":"de"},{"@type":["Person","Organization"],"@id":"http:\/\/keramik-sammler.de\/#\/schema\/person\/eef6090e4285e9bcbb672113504f7259","name":"Kevin B\u00fclow","image":{"@type":"ImageObject","inLanguage":"de","@id":"http:\/\/keramik-sammler.de\/wp-content\/uploads\/2019\/04\/logo2019_-neu-crob.jpg","url":"http:\/\/keramik-sammler.de\/wp-content\/uploads\/2019\/04\/logo2019_-neu-crob.jpg","contentUrl":"http:\/\/keramik-sammler.de\/wp-content\/uploads\/2019\/04\/logo2019_-neu-crob.jpg","width":2784,"height":1074,"caption":"Kevin B\u00fclow"},"logo":{"@id":"http:\/\/keramik-sammler.de\/wp-content\/uploads\/2019\/04\/logo2019_-neu-crob.jpg"},"sameAs":["https:\/\/www.keramik-sammler.de"],"url":"https:\/\/keramik-sammler.de\/?author=2"}]}},"jetpack_publicize_connections":[],"jetpack_featured_media_url":"https:\/\/keramik-sammler.de\/wp-content\/uploads\/2025\/11\/PXL_20250318_1331595363-edited-scaled.jpg","jetpack_sharing_enabled":true,"jetpack_shortlink":"https:\/\/wp.me\/p6UNPE-1tJ","_links":{"self":[{"href":"https:\/\/keramik-sammler.de\/index.php?rest_route=\/wp\/v2\/posts\/5687","targetHints":{"allow":["GET"]}}],"collection":[{"href":"https:\/\/keramik-sammler.de\/index.php?rest_route=\/wp\/v2\/posts"}],"about":[{"href":"https:\/\/keramik-sammler.de\/index.php?rest_route=\/wp\/v2\/types\/post"}],"author":[{"embeddable":true,"href":"https:\/\/keramik-sammler.de\/index.php?rest_route=\/wp\/v2\/users\/2"}],"replies":[{"embeddable":true,"href":"https:\/\/keramik-sammler.de\/index.php?rest_route=%2Fwp%2Fv2%2Fcomments&post=5687"}],"version-history":[{"count":12,"href":"https:\/\/keramik-sammler.de\/index.php?rest_route=\/wp\/v2\/posts\/5687\/revisions"}],"predecessor-version":[{"id":11259,"href":"https:\/\/keramik-sammler.de\/index.php?rest_route=\/wp\/v2\/posts\/5687\/revisions\/11259"}],"wp:featuredmedia":[{"embeddable":true,"href":"https:\/\/keramik-sammler.de\/index.php?rest_route=\/wp\/v2\/media\/11163"}],"wp:attachment":[{"href":"https:\/\/keramik-sammler.de\/index.php?rest_route=%2Fwp%2Fv2%2Fmedia&parent=5687"}],"wp:term":[{"taxonomy":"category","embeddable":true,"href":"https:\/\/keramik-sammler.de\/index.php?rest_route=%2Fwp%2Fv2%2Fcategories&post=5687"},{"taxonomy":"post_tag","embeddable":true,"href":"https:\/\/keramik-sammler.de\/index.php?rest_route=%2Fwp%2Fv2%2Ftags&post=5687"}],"curies":[{"name":"wp","href":"https:\/\/api.w.org\/{rel}","templated":true}]}}